{"id":2127,"date":"2026-01-14T07:19:25","date_gmt":"2026-01-14T06:19:25","guid":{"rendered":"https:\/\/zupe-igrane-drasnice.com\/?p=2127"},"modified":"2026-01-14T07:21:03","modified_gmt":"2026-01-14T06:21:03","slug":"papa-proglasio-posebnu-franjevacku-jubilarnu-godinu","status":"publish","type":"post","link":"https:\/\/zupe-igrane-drasnice.com\/?p=2127","title":{"rendered":"Papa proglasio posebnu franjeva\u010dku jubilarnu godinu"},"content":{"rendered":"\n<p>12. sije\u010dnja 2026.<\/p>\n\n\n\n<p>S rado\u0161\u0107u objavljujemo progla\u0161enje Dekreta kojim se ustanovljava posebna jubilarna godina u spomen na 800. obljetnicu prijelaza svetog Franje Asi\u0161kog. Njegova Svetost Papa Lav XIV. odredio je da se od 10. sije\u010dnja 2026. do 10. sije\u010dnja 2027. slavi ova Godina svetog Franje, tijekom koje su svi kr\u0161\u0107anski vjernici pozvani slijediti primjer Svetca iz Asiza, postaju\u0107i uzori svetosti \u017eivota i neumoljivi svjedoci mira. Apostolska pokorni\u010darna dodjeljuje potpuni oprost, pod uobi\u010dajenim uvjetima, svima koji pobo\u017eno sudjeluju u ovom izvanrednom Jubileju, koji predstavlja idealan nastavak redovitog Jubileja 2025.<\/p>\n\n\n\n<p>Ova jubilarna godina namijenjena je posebno \u010dlanovima franjeva\u010dkih obitelji Prvog, Drugog i Tre\u0107eg samostanskog i svjetovnog reda, kao i Institutima posve\u0107enog \u017eivota, Dru\u0161tvima apostolskog \u017eivota i Udrugama koje se pridr\u017eavaju Pravila svetog Franje ili se nadahnjuju njegovom duhovno\u0161\u0107u. Me\u0111utim, milost ove posebne godine prote\u017ee se i na sve vjernike, bez razlike, koji, s du\u0161om odvojenom od grijeha, posjete u obliku hodo\u010da\u0161\u0107a bilo koju franjeva\u010dku samostansku crkvu ili bogoslu\u017eno mjesto posve\u0107eno svetom Franji u bilo kojem dijelu svijeta. Starije osobe, bolesnici i oni koji zbog ozbiljnih razloga ne mogu iza\u0107i iz ku\u0107e, jednako mogu ste\u0107i potpuni oprost duhovno se pridru\u017euju\u0107i jubilarnim slavljima i prinose\u0107i Bogu svoje molitve, svoje boli i svoje patnje.<\/p>\n\n\n\n<p>U ovom vremenu slavlja, koje kruni osam stolje\u0107a franjeva\u010dkog sje\u0107anja, srda\u010dno pozivamo sve vjernike da aktivno sudjeluju u ovom iznimnom Jubileju. Svijetli primjer svetog Franje, koji se znao u\u010diniti siroma\u0161nim i poniznim kako bi bio istinski&nbsp;<em>alter Christus<\/em>&nbsp;na zemlji, neka nadahne na\u0161a srca da \u017eivimo u autenti\u010dnoj kr\u0161\u0107anskoj ljubavi prema bli\u017enjemu i s iskrenim \u017eeljama za skladom i mirom me\u0111u narodima. Stopama Siroma\u0161ka iz Asiza, pretvorimo nadu koja nas je u\u010dinila hodo\u010dasnicima tijekom Svete godine u \u017ear i revnost djelotvorne ljubavi. Ova Godina svetog Franje neka bude za svakoga od nas providnosna prilika za posve\u0107enje i evan\u0111eosko svjedo\u010danstvo u suvremenom svijetu, na slavu Bo\u017eju i za dobro cijele Crkve.<\/p>\n\n\n\n<hr class=\"wp-block-separator has-alpha-channel-opacity\"\/>\n\n\n\n<p><strong>Uvjeti za primanje oprosta<\/strong><\/p>\n\n\n\n<p>(za sebe ili za pokojnike)<\/p>\n\n\n\n<ul class=\"wp-block-list\">\n<li>Sakramentalna&nbsp;<strong>ispovijed<\/strong>&nbsp;kako bi se bilo u stanju milosti (u osam dana prije ili poslije);<\/li>\n\n\n\n<li>Sudjelovanje na misi i primanje&nbsp;<strong>svete pri\u010desti<\/strong>;<\/li>\n\n\n\n<li>Posjetiti u obliku hodo\u010da\u0161\u0107a bilo koju franjeva\u010dku samostansku crkvu ili bogoslu\u017eno mjesto posve\u0107eno svetom Franji u bilo kojem dijelu svijeta, gdje se obnavlja ispovijest vjere molitvom&nbsp;<strong>Vjerovanja<\/strong>, kako bi se ponovno potvrdio vlastiti kr\u0161\u0107anski identitet;<\/li>\n\n\n\n<li>Molitva&nbsp;<strong>O\u010dena\u0161a<\/strong>, kako bi se ponovno potvrdilo vlastito dostojanstvo djece Bo\u017eje, primljeno u kr\u0161tenju;<\/li>\n\n\n\n<li>Jedna molitva prema&nbsp;<strong>nakanama Pape<\/strong>, kako bi se ponovno potvrdila vlastita pripadnost Crkvi, \u010diji je temelj i vidljivo sredi\u0161te jedinstva Rimski prvosve\u0107enik.<\/li>\n<\/ul>\n\n\n\n<p>Izvor:&nbsp;<a href=\"https:\/\/ofm.org\/papa-leone-xiv-proclama-l-anno-giubilare-francescano.html\" target=\"_blank\" rel=\"noreferrer noopener\">ofm.org<\/a><\/p>\n\n\n\n<p><a target=\"_blank\" href=\"https:\/\/api.whatsapp.com\/send?text=*Papa%20proglasio%20posebnu%20franjeva%C4%8Dku%20jubilarnu%20godinu*nS%20rado%C5%A1%C4%87u%20objavljujemo%20progla%C5%A1enje%20Dekreta%20kojim%20se%20ustanovljava%20posebna%20jubilarna%20godina%20u%20spomen%20na%20800.%20obljetnicu%20prijelaza%20svetog%20Franje%20Asi%C5%A1kog.%20Njegova%20Svetost%20Papa%20Lav%20XIV.%20odredio%20je%20da%20se%20od%2010.%20sije%C4%8Dnja%202026.%20do%2010.%20sije%C4%8Dnja%202027.%20slavi%20ova%20Godina%20svetog%20Franje,%20tijekom%20koje%20su%20svi%20kr%C5%A1%C4%87anski%20vjernici%20pozvani%20slijediti%20primjer%20Svetca%20iz%20Asiza,%20postaju%C4%87i%20uzori%20svetosti%20%C5%BEivota%20i%20neumoljivi%20svjedoci%20mira.%20Apostolska%20pokorni%C4%8Darna%20dodjeljuje%20potpuni%20oprost,%20pod%20uobi%C4%8Dajenim%20uvjetima,%20svima%20koji%20pobo%C5%BEno%20sudjeluju%20u%20ovom%20izvanrednom%20Jubileju,%20koji%20predstavlja%20idealan%20nastavak%20redovitog%20Jubileja%202025.%20Ova%20jubilarna%20godina%20namijenjena%20je%20posebno%20%C4%8Dlanovima%20franjeva%C4%8Dkih%20obitelji%20Prvog,%20Drugog%20i%20Tre%C4%87eg%20samostanskog%20i%20svjetovnog%20reda,%20kao%20i%20Institutima%20posve%C4%87enog%20%C5%BEivota,%20Dru%C5%A1tvima%20apostolskog%20%C5%BEivota%20i%20Udrugama%20koje%20se%20pridr%C5%BEavaju%20Pravila%20svetog%20Franje%20ili%20se%20nadahnjuju%20njegovom%20duhovno%C5%A1%C4%87u.%20Me%C4%91utim,%20milost%20ove%20posebne%20godine%20prote%C5%BEe%20se%20i%20na%20sve%20vjernike,%20bez%20razlike,%20koji,%20s%20du%C5%A1om%20odvojenom%20od%20grijeha,%20posjete%20u%20obliku%20hodo%C4%8Da%C5%A1%C4%87a%20bilo%20koju%20franjeva%C4%8Dku%20samostansku%20crkvu%20ili%20bogoslu%C5%BEno%20mjesto%20posve%C4%87eno%20svetom%20Franji%20u%20bilo%20kojem%20dijelu%20svijeta.%20Starije%20osobe,%20bolesnici%20i%20oni%20koji%20zbog%20ozbiljnih%20razloga%20ne%20mogu%20iza%C4%87i%20iz%20ku%C4%87e,%20jednako%20mogu%20ste%C4%87i%20potpuni%20oprost%20duhovno%20se%20pridru%C5%BEuju%C4%87i%20jubilarnim%20slavljima%20i%20prinose%C4%87i%20Bogu%20svoje%20molitve,%20svoje%20boli%20i%20svoje%20patnje.%20U%20ovom%20vremenu%20slavlja,%20koje%20kruni%20osam%20stolje%C4%87a%20franjeva%C4%8Dkog%20sje%C4%87anja,%20srda%C4%8Dno%20pozivamo%20sve%20vjernike%20da%20aktivno%20sudjeluju%20u%20ovom%20iznimnom%20Jubileju.%20Svijetli%20primjer%20svetog%20Franje,%20koji%20se%20znao%20u%C4%8Diniti%20siroma%C5%A1nim%20i%20poniznim%20kako%20bi%20bio%20istinski%20alter%20Christus%20na%20zemlji,%20neka%20nadahne%20na%C5%A1a%20srca%20da%20%C5%BEivimo%20u%20autenti%C4%8Dnoj%20kr%C5%A1%C4%87anskoj%20ljubavi%20prema%20bli%C5%BEnjemu%20i%20s%20iskrenim%20%C5%BEeljama%20za%20skladom%20i%20mirom%20me%C4%91u%20narodima.%20Stopama%20Siroma%C5%A1ka%20iz%20Asiza,%20pretvorimo%20nadu%20koja%20nas%20je%20u%C4%8Dinila%20hodo%C4%8Dasnicima%20tijekom%20Svete%20godine%20u%20%C5%BEar%20i%20revnost%20djelotvorne%20ljubavi.%20Ova%20Godina%20svetog%20Franje%20neka%20bude%20za%20svakoga%20od%20nas%20providnosna%20prilika%20za%20posve%C4%87enje%20i%20evan%C4%91eosko%20svjedo%C4%8Danstvo%20u%20suvremenom%20svijetu,%20na%20slavu%20Bo%C5%BEju%20i%20za%20dobro%20cijele%20Crkve.%20Uvjeti%20za%20primanje%20oprosta%20(za%20sebe%20ili%20za%20pokojnike)%20Sakramentalna%20ispovijed%20kako%20bi%20se%20bilo%20u%20stanju%20milosti%20(u%20osam%20dana%20prije%20ili%20poslije);%20Sudjelovanje%20na%20misi%20i%20primanje%20svete%20pri%C4%8Desti;%20Posjetiti%20u%20obliku%20hodo%C4%8Da%C5%A1%C4%87a%20bilo%20koju%20franjeva%C4%8Dku%20samostansku%20crkvu%20ili%20bogoslu%C5%BEno%20mjesto%20posve%C4%87eno%20svetom%20Franji%20u%20bilo%20kojem%20dijelu%20svijeta,%20gdje%20se%20obnavlja%20ispovijest%20vjere%20molitvom%20Vjerovanja,%20kako%20bi%20se%20ponovno%20potvrdio%20vlastiti%20kr%C5%A1%C4%87anski%20identitet;%20Molitva%20O%C4%8Dena%C5%A1a,%20kako%20bi%20se%20ponovno%20potvrdilo%20vlastito%20dostojanstvo%20djece%20Bo%C5%BEje,%20primljeno%20u%20kr%C5%A1tenju;%20Jedna%20molitva%20prema%20nakanama%20Pape,%20kako%20bi%20se%20ponovno%20potvrdila%20vlastita%20pripadnost%20Crkvi,%20%C4%8Diji%20je%20temelj%20i%20vidljivo%20sredi%C5%A1te%20jedinstva%20Rimski%20prvosve%C4%87enik.%20Izvor:%20ofm.orgnhttps:\/\/www.franjevci-split.hr\/papa-proglasio-posebnu-franjevacku-jubilarnu-godinu\/\" rel=\"noreferrer noopener\"><\/a><\/p>\n\n\n\n<p><a href=\"https:\/\/www.franjevci-split.hr\/bozic-u-zagrebackoj-zupi-majke-bozje-lurdske\/\"><\/a><\/p>\n","protected":false},"excerpt":{"rendered":"<p>12. sije\u010dnja 2026. S rado\u0161\u0107u objavljujemo progla\u0161enje Dekreta kojim se ustanovljava posebna jubilarna godina u spomen na 800. obljetnicu prijelaza svetog Franje Asi\u0161kog. Njegova Svetost Papa Lav XIV. odredio je [&hellip;]<\/p>\n","protected":false},"author":1,"featured_media":2121,"comment_status":"open","ping_status":"open","sticky":false,"template":"","format":"standard","meta":{"footnotes":""},"categories":[1],"tags":[],"class_list":["post-2127","post","type-post","status-publish","format-standard","has-post-thumbnail","hentry","category-nekategorizirano"],"_links":{"self":[{"href":"https:\/\/zupe-igrane-drasnice.com\/index.php?rest_route=\/wp\/v2\/posts\/2127","targetHints":{"allow":["GET"]}}],"collection":[{"href":"https:\/\/zupe-igrane-drasnice.com\/index.php?rest_route=\/wp\/v2\/posts"}],"about":[{"href":"https:\/\/zupe-igrane-drasnice.com\/index.php?rest_route=\/wp\/v2\/types\/post"}],"author":[{"embeddable":true,"href":"https:\/\/zupe-igrane-drasnice.com\/index.php?rest_route=\/wp\/v2\/users\/1"}],"replies":[{"embeddable":true,"href":"https:\/\/zupe-igrane-drasnice.com\/index.php?rest_route=%2Fwp%2Fv2%2Fcomments&post=2127"}],"version-history":[{"count":1,"href":"https:\/\/zupe-igrane-drasnice.com\/index.php?rest_route=\/wp\/v2\/posts\/2127\/revisions"}],"predecessor-version":[{"id":2128,"href":"https:\/\/zupe-igrane-drasnice.com\/index.php?rest_route=\/wp\/v2\/posts\/2127\/revisions\/2128"}],"wp:featuredmedia":[{"embeddable":true,"href":"https:\/\/zupe-igrane-drasnice.com\/index.php?rest_route=\/wp\/v2\/media\/2121"}],"wp:attachment":[{"href":"https:\/\/zupe-igrane-drasnice.com\/index.php?rest_route=%2Fwp%2Fv2%2Fmedia&parent=2127"}],"wp:term":[{"taxonomy":"category","embeddable":true,"href":"https:\/\/zupe-igrane-drasnice.com\/index.php?rest_route=%2Fwp%2Fv2%2Fcategories&post=2127"},{"taxonomy":"post_tag","embeddable":true,"href":"https:\/\/zupe-igrane-drasnice.com\/index.php?rest_route=%2Fwp%2Fv2%2Ftags&post=2127"}],"curies":[{"name":"wp","href":"https:\/\/api.w.org\/{rel}","templated":true}]}}